{"id":29242,"date":"2023-09-07T13:17:14","date_gmt":"2023-09-07T11:17:14","guid":{"rendered":"https:\/\/ai2s2.org\/2023\/?p=29242"},"modified":"2023-09-10T11:19:23","modified_gmt":"2023-09-10T09:19:23","slug":"practical-information-for-the-event","status":"publish","type":"post","link":"https:\/\/ai2s2.org\/2023\/practical-information-for-the-event\/","title":{"rendered":"Practical information for the event"},"content":{"rendered":"<p><em><strong>There are only a few days left before the start of AI2S2, and we are very much looking forward to meeting you!\u00a0 This page gathers practical information related to the event, whether you are joining us in-person or remotely.\u00a0 In case you have questions that are not answered below, please feel free to reach out to us.\u00a0 We will continue to update this page with more information as needed.<\/strong><\/em><\/p>\n<p>&nbsp;<\/p>\n<h2><strong>Event details<\/strong><\/h2>\n<p>The University of Geneva is looking forward to welcoming you to the 3rd iteration of the symposium on Artificial Intelligence for Industry, Science, and Society (AI2S2).\u00a0 The event takes place from 11 to 15 September 2023 in Geneva, at Campus Biotech.<\/p>\n<p>Beyond the opening and closing ceremonies, the event is comprised of three main types of activities.\u00a0 Keynote presentations are those in which a renowned speaker will be given time to present their viewpoint on a specific topic, followed by time for questions.\u00a0 Sessions are primarily held in the form of panel discussions, where a group of experts will present their views on a variety of points, interacting both with each other and with the audience.\u00a0 The third part of the event relates to the opportunities for informal discussions: two coffee breaks and lunch are provided free of charge each day, in addition to a welcome reception on Monday, which should provide ample opportunity for meeting new people and beginning new collaborations.<\/p>\n<p>The event is primarily designed for in-person participation, with all of the keynote speakers being physically present, and with the large majority of the session speakers (panellists) also attending in person.\u00a0 A small number of panellists will connect remotely, but this is the exception rather than the norm.<\/p>\n<p>While the event was designed around the idea of in-person participation, it will be live-streamed for those who are unable to join us in person.\u00a0 We will request the permission from keynote speakers to record their presentations, and assuming they approve, these will be uploaded after the event.\u00a0 In contrast, we generally do not intend to record sessions, as gathering the consent of all participants when audience interactions are foreseen is highly nontrivial.\u00a0 In case session conveners decide that recording the session is of high importance, and all of the panellists grant consent, audience interactions may be restricted to SpeakUp (see below) and the session may then be recorded; whether or not to do this is left to the discretion of the session conveners.<\/p>\n<p>The final agenda for the event can be accessed by clicking on the &#8220;Agenda&#8221; button on the top of this page, or equivalently at <a href=\"https:\/\/ai2s2.org\/2023\/event\">this link<\/a>.<\/p>\n<p>&nbsp;<\/p>\n<h2><strong>Getting to the venue<\/strong><\/h2>\n<p>Campus Biotech is conveniently located in Geneva, with many means of getting to the venue.\u00a0 The Gen\u00e8ve-Secheron train stop (train SL1, SL2, SL3, and SL4), Maison de la Paix tram stop (tram #15), and Jardin Botanique \/ Perle du Lac bus stop (bus #1, #11, #22, and #25) are all within a 5-10 minute walk from the main entrance.\u00a0 For information on local train, bus, or tram times, please visit the <a href=\"https:\/\/www.tpg.ch\/\"><u>TPG website<\/u><\/a>.\u00a0 Train times can also be viewed on the <a href=\"https:\/\/www.sbb.ch\/en\"><u>SBB\/CFF\/FFS website<\/u><\/a>.<\/p>\n<p>If you are coming from the airport, the best option is usually to take any of the trains from the airport to the Geneva main station (Gare Cornavin), and then take the train\/tram\/bus from there (details below).\u00a0 The first stop of every train leaving the airport is Gare Cornavin, and the trip takes 7 minutes.\u00a0 The train from the airport to Gare Cornavin is included in the \u201cBillets Tout Gen\u00e8ve &#8211;\u00a0 zone 10\u201d mentioned below, thus there is no difference in price or transportation options between taking the train from the airport to Gare Cornavin or arriving at the station by other means.\u00a0 It is reasonable to expect you can get between Campus Biotech and the Geneva Airport within roughly 30 minutes, unless there are major disruptions.<\/p>\n<p>There are three main ways to get to Campus Biotech from the Geneva main station (Gare Cornavin).\u00a0 You can take the SL1\/SL2\/SL3\/SL4 train from there to Gen\u00e8ve-S\u00e9cheron, which is a 2 minute trip, but these trains are less frequent.\u00a0 If your arrival at the train station is not well aligned with the trains, the alternatives are taking the tram 15 in the direction Nations until the Maison de la Paix tram stop, or taking bus #1 or #25 in the direction Jardin Botanique until you reach that final stop or the preceding Perle du Lac stop.\u00a0 All three options (train, tram, and bus) are included in the \u201cBillets Tout Gen\u00e8ve &#8211;\u00a0 zone 10\u201d fare, which is valid for 60 minutes and costs 3 CHF (or less if you have a half-price card).\u00a0 Tickets can be bought at machines before boarding, by downloading the app, or <a href=\"https:\/\/www.tpg.ch\/en\/sms\"><u>via phone<\/u><\/a> by messaging \u201ctpg1\u201d to 788 (only Swiss numbers or French numbers from Orange, SFR, Free, and Bouygues).<\/p>\n<p>For those wanting to have a bit of a tour of the lake, you can also take the boat (<a href=\"https:\/\/www.mouettesgenevoises.ch\/\"><u>Mouettes <\/u><u>genevoises<\/u><\/a>) from De Ch\u00e2teaubriand, which is a 10 minute walk from the venue.\u00a0 These boats are also included in the \u201cBillets Tout Gen\u00e8ve &#8211;\u00a0 zone 10\u201d fare mentioned above.\u00a0 You can crisscross the lake by boat a few times to get to downtown Geneva.\u00a0 This is not a very fast way of getting downtown as you need to cross the lake a few times, but it can be quite a pleasant trip on a day with good weather.\u00a0 You can take the M4 from De Ch\u00e2teaubriand to Port-Noir, then the M3 from Port-Noir to P\u00e2quis.\u00a0 P\u00e2quis is already a busy area, but you can also take the M2 to Eaux-Vives (the base of the Jet d\u2019Eau) or the M1 to Molard (downtown Geneva).<\/p>\n<p>If you are arriving by car, there is a parking garage at the Gen\u00e8ve-S\u00e9cheron train station (P+R S\u00e9cheron), roughly a 5 minute walk from the venue.\u00a0 Assuming you are arriving along the A1 highway, either from the north (Lausanne) or south (Annecy), the best option is to take the 1a connector to Route de Lausanne (Route 1).\u00a0 If you are arriving from any other direction than the A1 highway, I would recommend planning to arrive well in advance, as traversing the city of Geneva in a car can be an exhausting process depending on traffic, construction, and other factors.<\/p>\n<p>The main entrance to the venue is shown on the map below, but here is a photo to help you cross-check you are at the correct place.<\/p>\n<p><img loading=\"lazy\" decoding=\"async\" class=\"wp-image-29256 aligncenter\" src=\"https:\/\/ai2s2.org\/2023\/wp-content\/uploads\/2023\/09\/venue-entrance-300x225.jpg\" alt=\"\" width=\"475\" height=\"356\" srcset=\"https:\/\/ai2s2.org\/2023\/wp-content\/uploads\/2023\/09\/venue-entrance-300x225.jpg 300w, https:\/\/ai2s2.org\/2023\/wp-content\/uploads\/2023\/09\/venue-entrance-768x576.jpg 768w, https:\/\/ai2s2.org\/2023\/wp-content\/uploads\/2023\/09\/venue-entrance.jpg 1000w\" sizes=\"auto, (max-width: 475px) 100vw, 475px\" \/><\/p>\n<p>&nbsp;<\/p>\n<h2><strong>Inside the venue<\/strong><\/h2>\n<p>The venue opens each day at 08:00, before which you will not be able to enter without special access permission.\u00a0 As Campus Biotech is a closed venue, you will need to pick up your badge each day, and drop it off again as you leave.\u00a0 There should be someone there from at least 30 minutes before the first talk of the day, to at least 30 minutes after the last talk of the day.\u00a0 We will try to make this an efficient process, but please do arrive a bit in advance of the start time to avoid long lines.\u00a0 It is imperative that you do return your badge at the end of each day, as we will be charged for missing badges.<\/p>\n<p>Food and drinks will be provided for all participants.\u00a0 Each day includes a smaller coffee break in the morning, a stand-up lunch, and a more substantial afternoon coffee break.\u00a0 There will also be a welcome reception on Monday evening, which will include a selection of appetizers and drinks.\u00a0 In case you do not like what is on offer, or you have other dietary constraints, there is also a cafeteria and vending machines within the venue; if you use these services, you will have to pay yourself, as they are not part of the event charges.<\/p>\n<p>Coffee breaks, lunch, and the welcome reception will take place in the \u201cForum\u201d, which is between the main entrance and the auditorium; see the label \u201cBreaks\u201d on the below map.\u00a0 All of the keynotes and sessions will take place within the auditorium.\u00a0 There are a series of break-out rooms around the auditorium: 5x rooms for 6 people and 3x rooms for 12 people.\u00a0 You are welcome to use these break-out rooms as needed.<\/p>\n<p><img loading=\"lazy\" decoding=\"async\" class=\"wp-image-29243 aligncenter\" src=\"https:\/\/ai2s2.org\/2023\/wp-content\/uploads\/2023\/09\/venue-map-300x169.jpeg\" alt=\"\" width=\"712\" height=\"401\" srcset=\"https:\/\/ai2s2.org\/2023\/wp-content\/uploads\/2023\/09\/venue-map-300x169.jpeg 300w, https:\/\/ai2s2.org\/2023\/wp-content\/uploads\/2023\/09\/venue-map-1024x576.jpeg 1024w, https:\/\/ai2s2.org\/2023\/wp-content\/uploads\/2023\/09\/venue-map-768x432.jpeg 768w, https:\/\/ai2s2.org\/2023\/wp-content\/uploads\/2023\/09\/venue-map-1536x864.jpeg 1536w, https:\/\/ai2s2.org\/2023\/wp-content\/uploads\/2023\/09\/venue-map.jpeg 1920w\" sizes=\"auto, (max-width: 712px) 100vw, 712px\" \/><\/p>\n<p>&nbsp;<\/p>\n<h2><strong>In-person participation<\/strong><\/h2>\n<p>We are aiming for our event to be as close to paperless as possible, thus you will only be receiving a single piece of A4 paper with an overview of the agenda, key links, the map of the venue, and emergency information.\u00a0 The paper will have the link to this page, which will continue to grow to answer questions that are raised during the event.<\/p>\n<p>Within the auditorium, there are chairs for an audience of 250 people, which is the auditorium capacity in this format.\u00a0 Some points of the symposium may be close to maxing out this capacity; in such cases, please be courteous and do not take more than one chair for yourself.<\/p>\n<p>Keynote speakers and session conveners will have a fixed podium available for their usage, and there will also be six armchairs and two low tables on stage, for use in panel discussions.\u00a0 There will be microphones available for the audience, although in some cases the session conveners may decide that they will not be used, as discussed below in the section on audience interactions.<\/p>\n<p>&nbsp;<\/p>\n<h2><strong>Remote participation<\/strong><\/h2>\n<p>For those who will be joining us remotely, we will make every effort to keep the live stream operational.\u00a0 Please observe good remote participation etiquette and do not do anything unprofessional.\u00a0 We reserve the right to block you if you do not behave in a respectful manner.<\/p>\n<p>The live stream will take place on Zoom, where the link will be distributed to those who registered for the event.\u00a0 Please do not share the link directly \u2013 if additional people want to join, they are welcome to register remotely, which remains free.<\/p>\n<p>The SpeakUp link (see below) is available to everyone, regardless of if you are in-person or remote.\u00a0 Whether further participation by using the Zoom \u201craise your hand\u201d feature is supported is up to the discretion of the session conveners.<\/p>\n<p>&nbsp;<\/p>\n<h2><strong>Audience interactions and SpeakUp<\/strong><\/h2>\n<p>One of the primary objectives of AI2S2 is to bring different communities together, and thus audience interactions are very important to us.\u00a0 We therefore are providing a couple of options to support the participation of all participants.<\/p>\n<p>One option for participants is SpeakUp: a tool developed by four Swiss universities (including Geneva) to facilitate group interactions.\u00a0 We have created an AI2S2 room where anyone with the link can post messages and vote on questions, thus indicating to the convener which questions are more of interest to the audience.\u00a0 This includes both people and the room and people on Zoom.\u00a0 Submitting questions is anonymous, although they will be moderated to avoid abuse of the system, thus your question may not appear immediately.\u00a0 You do not need to create an account or otherwise register with SpeakUp; all you need is the link, which we will distribute during the event.\u00a0 You can connect either via web browser or app, as you prefer.\u00a0 You can learn more about SpeakUp, and download the app, from their website <a href=\"https:\/\/speakup.info\/\"><u>https:\/\/speakup.info\/<\/u><\/a><\/p>\n<p>We will also support more traditional interactions, via microphones in the room and using the\u00a0 \u201craise your hand\u201d feature on Zoom for remote participants who want to speak.\u00a0 We expect that this style of interaction will generally be supported, but some session conveners may decide to restrict interactions to the use of SpeakUp such that the session can be recorded.<\/p>\n<p>&nbsp;<\/p>\n<h2><strong>Information for speakers and session conveners<br \/>\n<\/strong><\/h2>\n<p>Keynote speakers and session conveners will have a fixed podium available for their usage, and there will also be six armchairs and two low tables on stage, for use in panel discussions.\u00a0 There will be microphones available for the speakers and\/or audience, although in some cases the session conveners may decide that they will not be used for the audience, as discussed below in the section on audience interactions.\u00a0 To be clear, there are two fixed microphones on the podium, and four portable microphones to use around the room.<\/p>\n<p>The A\/V setup supports many different options.\u00a0 The easiest is for speakers to use the fixed computer in the room: you can send slides in advance to the session convener(s) or chair(s) to put on the computer, or you can bring your slides on a USB stick.\u00a0 The computer in the room is Windows-based, thus you have software such as Powerpoint, but not Keynote.\u00a0 Connecting your own laptop is also possible, either via HDMI or USB-C.\u00a0 While connecting your own laptop is possible, we would encourage you to test it out in advance to avoid any surprises during the live part of the event; contact one of the local experts during a break or before the start of the day to do so.<\/p>\n<p>While you are standing on the stage and facing the audience, there is a single large projector behind you, plus two large TVs in front of you and angled such that you can see them.\u00a0 The TVs in front of you mirror the projector, so you can see what is being displayed and can look at your slides\/material without having to turn around and look at the projector.\u00a0 There is also a timer on the desk that can show how much time you have remaining for your talk &#8211; whether to use this or not is a choice left to the session conveners.<\/p>\n<p>If you are joining us remotely, you will receive the same Zoom link as others, but we will promote you to co-hosts before the start of the session.\u00a0 In that way, you will be able to share, unmute yourself, enable your video, and perform other actions as needed.\u00a0 Please make sure to join the Zoom room a bit in advance of your session such that we can test that the setup is working well.<\/p>\n<p>To prepare your expectations of the room you will be speaking in, here are a pair of pictures showing the stage and the full auditorium.<\/p>\n<p><img loading=\"lazy\" decoding=\"async\" class=\"wp-image-29257 aligncenter\" src=\"https:\/\/ai2s2.org\/2023\/wp-content\/uploads\/2023\/09\/venue-stage-300x225.jpg\" alt=\"\" width=\"512\" height=\"384\" srcset=\"https:\/\/ai2s2.org\/2023\/wp-content\/uploads\/2023\/09\/venue-stage-300x225.jpg 300w, https:\/\/ai2s2.org\/2023\/wp-content\/uploads\/2023\/09\/venue-stage-768x576.jpg 768w, https:\/\/ai2s2.org\/2023\/wp-content\/uploads\/2023\/09\/venue-stage.jpg 1000w\" sizes=\"auto, (max-width: 512px) 100vw, 512px\" \/><img loading=\"lazy\" decoding=\"async\" class=\"wp-image-29258 aligncenter\" src=\"https:\/\/ai2s2.org\/2023\/wp-content\/uploads\/2023\/09\/venue-auditorium-300x225.jpg\" alt=\"\" width=\"513\" height=\"385\" srcset=\"https:\/\/ai2s2.org\/2023\/wp-content\/uploads\/2023\/09\/venue-auditorium-300x225.jpg 300w, https:\/\/ai2s2.org\/2023\/wp-content\/uploads\/2023\/09\/venue-auditorium-768x576.jpg 768w, https:\/\/ai2s2.org\/2023\/wp-content\/uploads\/2023\/09\/venue-auditorium.jpg 1000w\" sizes=\"auto, (max-width: 513px) 100vw, 513px\" \/><\/p>\n","protected":false},"excerpt":{"rendered":"<p>There are only a few days left before the start of AI2S2, and we are very much looking forward to meeting you!\u00a0 This page gathers practical information related to the [&hellip;]<\/p>\n","protected":false},"author":3,"featured_media":29252,"comment_status":"open","ping_status":"open","sticky":false,"template":"","format":"standard","meta":{"footnotes":""},"categories":[1],"tags":[],"class_list":["post-29242","post","type-post","status-publish","format-standard","has-post-thumbnail","hentry","category-uncategorized"],"acf":[],"_links":{"self":[{"href":"https:\/\/ai2s2.org\/2023\/wp-json\/wp\/v2\/posts\/29242","targetHints":{"allow":["GET"]}}],"collection":[{"href":"https:\/\/ai2s2.org\/2023\/wp-json\/wp\/v2\/posts"}],"about":[{"href":"https:\/\/ai2s2.org\/2023\/wp-json\/wp\/v2\/types\/post"}],"author":[{"embeddable":true,"href":"https:\/\/ai2s2.org\/2023\/wp-json\/wp\/v2\/users\/3"}],"replies":[{"embeddable":true,"href":"https:\/\/ai2s2.org\/2023\/wp-json\/wp\/v2\/comments?post=29242"}],"version-history":[{"count":15,"href":"https:\/\/ai2s2.org\/2023\/wp-json\/wp\/v2\/posts\/29242\/revisions"}],"predecessor-version":[{"id":29263,"href":"https:\/\/ai2s2.org\/2023\/wp-json\/wp\/v2\/posts\/29242\/revisions\/29263"}],"wp:featuredmedia":[{"embeddable":true,"href":"https:\/\/ai2s2.org\/2023\/wp-json\/wp\/v2\/media\/29252"}],"wp:attachment":[{"href":"https:\/\/ai2s2.org\/2023\/wp-json\/wp\/v2\/media?parent=29242"}],"wp:term":[{"taxonomy":"category","embeddable":true,"href":"https:\/\/ai2s2.org\/2023\/wp-json\/wp\/v2\/categories?post=29242"},{"taxonomy":"post_tag","embeddable":true,"href":"https:\/\/ai2s2.org\/2023\/wp-json\/wp\/v2\/tags?post=29242"}],"curies":[{"name":"wp","href":"https:\/\/api.w.org\/{rel}","templated":true}]}}